{"id":163,"date":"2016-04-06T00:00:00","date_gmt":"2016-04-05T22:00:00","guid":{"rendered":"https:\/\/www.romanews.it\/blog\/index.php\/2016\/04\/06\/come-affrontare-lintegralismo-islamico\/"},"modified":"2019-05-05T18:16:02","modified_gmt":"2019-05-05T16:16:02","slug":"come-affrontare-lintegralismo-islamico","status":"publish","type":"post","link":"https:\/\/www.romanews.it\/blog\/come-affrontare-lintegralismo-islamico\/","title":{"rendered":"Come affrontare l&#8217;integralismo islamico?"},"content":{"rendered":"<p>[corner-ad id=1]<\/p>\n<h1>L&#8217;islam politicizzato<\/h1>\n<p>Da trentacinque anni a questa parte, l&#8217;<strong>estremismo religioso<\/strong> avanza in terra d&#8217;islam. In Iran, l&#8217;islam sciita a ripreso sull&#8217;onda rivoluzionaria che, dopo avere abbattuto il regime dello Scia, ha instaurato una teocrazia combinata con forme controllate di democrazia. In Arabia Saudita, l&#8217;islam saudita si impone nelle sue forme pi\u00f9 rigoriste. In entrambi i paesi, la religione \u00e8 al di sopra dello Stato e guida la societ\u00e0; la libert\u00e0 di coscienza non esiste.<\/p>\n<p>Altri paesi sono minacciati dalla sovversione di un islam fanatizzato. L&#8217;Egitto e la Turchia hanno resistito, ma non sono al riparo dagli attentati dell&#8217;integralismo islamico; il <strong>Marocco<\/strong> e la <strong>Tunisia<\/strong> hanno tenuto, come l&#8217;<strong>Indonesia<\/strong> e la <strong>Malesia<\/strong>. L&#8217; <strong>Algeria<\/strong>, invece, ancora provata da un terrorismo che assume la maschera religiosa, e la <strong>Nigeria<\/strong> subisce al Nord l&#8217;influenza di tradizioni arcaiche.<\/p>\n<p>Le pratiche violente e politicizzate dell&#8217;islam alimentano due offensive. La prima, terrorista e semimilitare, portata avanti da gruppi clandestini configurati in reti, il pi\u00f9 famoso dei quali era\u00a0al-Qaeda, cercava di colpire i principali paesi occidentali e quelli che sono considerati loro alleati. Lo scopo e quello di provocare il terrore e, se possibile, la destabilizzazione. Con l&#8217;Occidente, si tratta di instaurare la logica di una guerra inespiabile, a un tempo religiosa, politica e di civilt\u00e0. In Oriente, l&#8217;obiettivo a quello di rovesciare alcuni regimi \u2014ad esempio, il regime dell&#8217;Arabia Saudita che regna su alcuni Luoghi santi dell&#8217;islam e sul petrolio \u2014 per punirli dei loro accordi con il nemico americano. In prospettiva, ha anche quello di ristabilire una universale e improbabile comunit\u00e0 dei credenti. Gli spaventosi attentati di New York e di Washington nel 2001, di Bali nel 2002, di Madrid nel 2004 e di Londra nel luglio 2005 hanno dimostrato la determinazione di questi gruppi, che sono all&#8217;opera anche in <strong>Iraq<\/strong>, sul terreno offerto dall&#8217;intervento americano. Le democrazie replicano. Lo hanno fatto in <strong>Afghanistan<\/strong>, eliminando il regime dei talebani e sloggiando al-Qaeda. Lo fanno ogni giorno combattendo questi gruppi grazie all&#8217;intervento combinato della giustizia, della polizia e dei servizi segreti. Sar\u00e0 una lotta lunga.<\/p>\n<p>La seconda offensiva, religiosa e culturale, cerca di diffondere nel mondo una versione radicale dell&#8217;islam, che pu\u00f2 essere sia rivoluzionaria sia fondamentalista e che intende instaurare societ\u00e0 e Stati islamici retti dalla legge divina <em>(sharia). <\/em>Ad essere presi di mira sono in primo luogo il mondo arabo-musulmano, ma anche i musulmani nel mondo occidentale. Al suo interno, questo duplice assalto preoccupa\u00a0\u00a0e indigna, rischiando di portare al rifiuto dell&#8217;islam in quanto tale. E questo pone due interrogativi.<\/p>\n<p><a href=\"https:\/\/www.romanews.it\/blog\/wp-content\/uploads\/2016\/03\/Moschea_M_J.jpg\" rel=\"attachment wp-att-1346\"><img loading=\"lazy\" decoding=\"async\" class=\"aligncenter wp-image-1346 size-full\" src=\"https:\/\/www.romanews.it\/blog\/wp-content\/uploads\/2016\/03\/Moschea_M_J.jpg\" alt=\"Come affrontare l'integralismo islamico?\" width=\"650\" height=\"405\" \/><\/a><\/p>\n<h1>L&#8217;islam \u00e8\u00a0integralista per sua essenza?<\/h1>\n<p>Storicamente, la maggioranza dei <strong>musulmani<\/strong> hanno praticato un <strong>islam<\/strong> pacifico e dalle grandissime differenze. L&#8217;islam radicale, pur avendo rappresentato una corrente stabile dalla fine del XIX secolo, in un mondo arabo-musulmano destabilizzato, a sempre rimasto molto minoritario.<\/p>\n<p><strong>L&#8217;islam non \u00e8 una religione del ripiegamento.<\/strong><\/p>\n<blockquote><p>Fin dalla sua origine, nel VII secolo, \u00e8 stato portatore di un messaggio universale, che predicava l&#8217;<strong>uguaglianza<\/strong> di tutti gli esseri umani. Intorno al profeta Maometto vivevano persiani, etiopi, yemeniti. Il Corano faceva esplicitamente riferimento al monoteismo ebraico e a quello cristiano, e l&#8217;islam riservava uno spazio alle altre dottrine religiose.<\/p><\/blockquote>\n<p><strong>L&#8217;islam non \u00e8 neppure una forma di oscurantismo.<\/strong><\/p>\n<blockquote><p>II Corano fa appello continuamente alla <strong>ragione umana<\/strong>. I testi e la tradizione avvalorano la conoscenza, le scienze, lo studio delle lingue, gli incontri. Al momento della cosiddetta &#8220;et\u00e0 d&#8217;oro&#8221; degli abb\u00e0sidi (VIII-XI secolo) si sono delineate tendenze che potremmo definire razionaliste, si sono sviluppate le scienze teoriche pure (matematiche) e naturali (astronomia, medicina, botanica). Maestri e discepoli dell&#8217;islam hanno viaggiato molto tra l&#8217;Asia centrale e 1&#8217;Andalusia. Una simile fioritura intellettuale ha alimentato il successivo sviluppo del pensiero medievale occidentale, che ha fatto esplicito riferimento a grandi pensatori musulmani, come Averro\u00e8, per non citarne che uno soltanto.<\/p><\/blockquote>\n<p><strong>L&#8217;islam non \u00e8 intolleranza.<\/strong><\/p>\n<blockquote><p>II mondo musulmano ha conosciuto lunghi periodi di coesistenza pacifica con altre culture e tendenze religiose. Non si \u00e8 forse conservato il ricordo del &#8220;miracolo andaluso&#8221; dal IX al XII secolo? E non \u00e8 stato l&#8217;Impero ottomano ad accogliere gli ebrei cacciati dalla Spagna dopo il 1492? La &#8220;maggioranza silenziosa&#8221; dei fedeli, nel grande islam di oggi, sembra non chiedere altro che vivere in pace e coabitare con le altre confessioni. L&#8217;islam popolare, l&#8217;islam vissuto quotidianamente, chiede ai fedeli la misericordia, la compassione e l&#8217;elemosina, la fraternit\u00e0 e la solidariet\u00e0.<\/p><\/blockquote>\n<p><strong>Affrancare l&#8217;islam dalle sue versioni caricaturali non significa per\u00f2 idealizzarlo.<\/strong><\/p>\n<blockquote><p>La condizione della donna nel mondo arabo-musulmano resta nella maggior parte dei casi quella di un essere inferiore, o addirittura di un minore, come \u00e8 avvenuto per lungo tempo anche nelle nostre culture. In terra d&#8217;islam, lo Stato e la societ\u00e0 civile si sono emancipati poco dalla religione, contrariamente a quanto avvenuto in Occidente dopo la rivoluzione democratica.<\/p><\/blockquote>\n<p>Ora, per gli occidentali, i due paesi pi\u00f9 emblematici dell&#8217;islam sono l&#8217;Iran e l&#8217;Arabia Saudita. Il rivoluzionarismo sciita dell&#8217;uno e il rigorismo wah-habita dell&#8217;altro ispirano timore e incomprensione, anche se i musulmani nel nostro paese non si rifanno a quelle tradizioni. E quindi essenziale, in tempi come questi di interpenetrazione tra le aree culturali, conoscere l&#8217;islam, distinguere tra le sue vane correnti, rifiutare l&#8217;amalgama tra islam e integralismo, favorire il dialogo tra le religioni, facilitare finalmente l&#8217;organizzazione dei culti musulmani in Europa, come hanno cominciato a fare gli ultimi governi nel nostro paese, senza per questo cedere al &#8220;comunitarismo&#8221;. E questo ci porta al mio secondo interrogativo.<\/p>\n<h1>Come affrontare l&#8217;integralismo islamico?<\/h1>\n<p>Le principali democrazie hanno trascurato a lungo la lotta attiva contro il terrorismo che si richiama all&#8217;islam. Si pensava che l&#8217;integralismo islamico riguardasse soltanto i paesi musulmani. Gli Stati Uniti vi hanno visto addirittura, fino agli anni Ottanta, uno strumento di cui avvalersi nella guerra contro i tradizionali nemici: l&#8217;URSS e il comunismo. Hanno, pertanto, ignorato il pericolo che avrebbe potuto costituire il diffondersi della concezione wahh-bita dell&#8217;islam. Peggio ancora, hanno creduto di potere strumentalizzare il movimento dei talebani e il gruppo di Bin Laden contro l&#8217;occupante sovietico in Afghanistan. Allo stesso modo, gli israeliani sono stati compiacenti con il movimento di Hamas per tutta la fase in cui hanno avuto come principale nemico l&#8217;OLP di Yasser Arafat. Sia gli uni sia gli altri, perci\u00f2, hanno giocato a fare gli apprendisti stregoni.<\/p>\n<p>Il cambiamento di atteggiamento degli americani a radicale dopo gli attentati dell&#8217; 11 settembre 2001. La prima potenza mondiale colpita al cuore e negli stessi simboli della sua forza. Il terrorismo internazionale diventa a quel punto il nemico principale; passa in primo piano nelle preoccupazioni della diplomazia e della potenza militare americane. Resta per\u00f2 il problema di quali siano i mezzi migliori per combattere il terrorismo. Si trover\u00e0 la soluzione entrando in guerra contro ogni dittatura medio-orientale sospettata di sostenere il terrorismo? L&#8217;intervento americano in Iraq \u00e8 stato il frutto di questa strategia, ma ha fatto divampare il terrorismo anzich\u00e9 riassorbirlo. La risposta al terrorismo non passa, piuttosto, per la battaglia e la collaborazione internazionale dei sistemi giudiziari, delle polizie e dei servizi speciali di tutti i paesi \u2014 democratici o meno \u2014 che hanno l&#8217;interesse comune di sradicare il terrorismo? E l&#8217;approccio francese. Del resto, la lotta al terrorismo, per quanto indispensabile, non \u00e8 la principale posta in gioco della vita internazionale.<\/p>\n<p>Al di l\u00e0 del terrorismo, si impone la vigilanza nei confronti dei tentativi del fondamentalismo islamico di radicarsi la dove, nei nostri paesi, vive una popolazione di cultura musulmana. L&#8217;emarginazione dell&#8217;islamismo radicale non pu\u00f2 avvenire soltanto con la sorveglianza poliziesca delle moschee, degli imam, o dei gruppi radicali, oppure, in modo pia positivo, con una buona organizzazione del culto musulmano. Essa richiede la piena integrazione dei nostri compatrioti e degli stranieri presenti sul nostro territorio, originari del Maghreb o dell&#8217;Africa. Spetta alla Repubblica affrontare questa sfida.<\/p>\n<p>Rassegna stampa dal libro &#8220;<strong><em>Il mondo come lo vedo io<\/em><\/strong>&#8221; di <em>Lionel Jospin<\/em><\/p>\n<p>Brevi notizie sull&#8217;autore del libro:<\/p>\n<blockquote><p><strong><em>Lionel Jospin <\/em><\/strong>(1937) nato in una famiglia protestante, intraprende gli studi classici e in seguito frequenta l&#8217;Istituto di studi politici di Parigi.\u00a0Nel 1965 inizia la carriera diplomatica come Segretario agli Affari esteri e poi alla direzione della cooperazione economica dello stesso ministero. Nel 1970 aderisce al Partito Socialista. Nel 1980 \u00e8<em>\u00a0<\/em>eletto deputato a Parigi e nel 1981, quando Mitterrand viene eletto Presidente della Repubblica, diviene Segretario del Partito Socialista. Nel 1988 lascia la direzione del partito per dirigere il ministero dell&#8217;Educazione. Sconfitto alle presidenziali del 1995, vince invece le legislative del 1997 e viene nominato Primo ministro dal presidente J. Chirac. Dopo aver guidato la Francia per cinque anni, si candida alle presidenziali del 2002 contro lo stesso Chirac che vince su Jospin, il quale si ritira definitivamente dalla vita politica.<\/p>\n<p><a href=\"https:\/\/www.romanews.it\/blog\/wp-content\/uploads\/2016\/03\/Moschea2_M_J.jpg\" rel=\"attachment wp-att-1347\"><img loading=\"lazy\" decoding=\"async\" class=\"aligncenter size-full wp-image-1347\" src=\"https:\/\/www.romanews.it\/blog\/wp-content\/uploads\/2016\/03\/Moschea2_M_J.jpg\" alt=\"Come affrontare l'integralismo islamico?\" width=\"650\" height=\"867\" \/><\/a><\/p><\/blockquote>\n","protected":false},"excerpt":{"rendered":"<p>[corner-ad id=1] L&#8217;islam politicizzato Da trentacinque anni a questa parte, l&#8217;estremismo religioso avanza in terra d&#8217;islam. In Iran, l&#8217;islam sciita a ripreso sull&#8217;onda rivoluzionaria che, dopo avere abbattuto il regime dello Scia, ha instaurato una teocrazia combinata con forme controllate di democrazia. In Arabia Saudita, l&#8217;islam saudita si impone nelle sue forme pi\u00f9 rigoriste. In [&hellip;]<\/p>\n","protected":false},"author":3,"featured_media":164,"comment_status":"open","ping_status":"open","sticky":false,"template":"","format":"standard","meta":{"footnotes":""},"categories":[84,69,123],"tags":[124,125],"class_list":["post-163","post","type-post","status-publish","format-standard","has-post-thumbnail","hentry","category-esteri","category-etica-e-societa","category-fede-e-religioni","tag-integralismo-islamico","tag-jospin"],"_links":{"self":[{"href":"https:\/\/www.romanews.it\/blog\/wp-json\/wp\/v2\/posts\/163","targetHints":{"allow":["GET"]}}],"collection":[{"href":"https:\/\/www.romanews.it\/blog\/wp-json\/wp\/v2\/posts"}],"about":[{"href":"https:\/\/www.romanews.it\/blog\/wp-json\/wp\/v2\/types\/post"}],"author":[{"embeddable":true,"href":"https:\/\/www.romanews.it\/blog\/wp-json\/wp\/v2\/users\/3"}],"replies":[{"embeddable":true,"href":"https:\/\/www.romanews.it\/blog\/wp-json\/wp\/v2\/comments?post=163"}],"version-history":[{"count":1,"href":"https:\/\/www.romanews.it\/blog\/wp-json\/wp\/v2\/posts\/163\/revisions"}],"predecessor-version":[{"id":334,"href":"https:\/\/www.romanews.it\/blog\/wp-json\/wp\/v2\/posts\/163\/revisions\/334"}],"wp:featuredmedia":[{"embeddable":true,"href":"https:\/\/www.romanews.it\/blog\/wp-json\/wp\/v2\/media\/164"}],"wp:attachment":[{"href":"https:\/\/www.romanews.it\/blog\/wp-json\/wp\/v2\/media?parent=163"}],"wp:term":[{"taxonomy":"category","embeddable":true,"href":"https:\/\/www.romanews.it\/blog\/wp-json\/wp\/v2\/categories?post=163"},{"taxonomy":"post_tag","embeddable":true,"href":"https:\/\/www.romanews.it\/blog\/wp-json\/wp\/v2\/tags?post=163"}],"curies":[{"name":"wp","href":"https:\/\/api.w.org\/{rel}","templated":true}]}}